{"id":8422,"date":"2024-09-11T00:24:32","date_gmt":"2024-09-11T00:24:32","guid":{"rendered":"https:\/\/nasmar.org\/?p=8422"},"modified":"2024-09-11T00:24:32","modified_gmt":"2024-09-11T00:24:32","slug":"taller-de-liderazgo-con-enfoque-de-genero-e-inclusion","status":"publish","type":"post","link":"https:\/\/nasmar.org\/index.php\/2024\/09\/11\/taller-de-liderazgo-con-enfoque-de-genero-e-inclusion\/","title":{"rendered":"Taller de Liderazgo con Enfoque de Gener\u00f3 e Inclusi\u00f3n"},"content":{"rendered":"\n<p>La Mancomunidad NASMAR, en colaboraci\u00f3n con la Agencia Espa\u00f1ola de Cooperaci\u00f3n Internacional para el Desarrollo (AECID) y el apoyo de Ingenier\u00eda Sin Fronteras Galicia, ha llevado a cabo un exitoso Taller de Liderazgo en la comunidad de El Sartenejal. Este taller, parte integral del proyecto de construcci\u00f3n del sistema de agua, tuvo como objetivo principal mejorar la comunicaci\u00f3n interna, la inclusi\u00f3n, la equidad de g\u00e9nero y el trabajo en equipo a nivel comunitario.<br><\/p>\n\n\n\n<p>Durante la jornada, los participantes desarrollaron habilidades esenciales de liderazgo y comunicaci\u00f3n efectiva, con un enfoque especial en la promoci\u00f3n de la inclusi\u00f3n y la igualdad de g\u00e9nero. A trav\u00e9s de din\u00e1micas grupales y espacios de reflexi\u00f3n, se foment\u00f3 un ambiente de colaboraci\u00f3n, reconociendo el papel vital de las mujeres en la cohesi\u00f3n social y en el liderazgo comunitario.<br><\/p>\n\n\n\n<p>Este esfuerzo reafirma nuestro compromiso con el fortalecimiento comunitario, la inclusi\u00f3n de g\u00e9nero, y la construcci\u00f3n de un futuro m\u00e1s equitativo y sostenible para los habitantes de El Sartenejal.<br><\/p>\n\n\n\n<p>Esta actividad se realiza en el marco del Proyecto: 2022\/PRYC\/000903: &#8220;Mejora de la Gesti\u00f3n P\u00fablica y Social para la Gobernanza de los Recursos H\u00eddricos en 9 Municipios de la Regi\u00f3n 13 Golfo de Fonseca F1\u201d.<\/p>\n\n\n\n<figure class=\"wp-block-image size-large\"><img loading=\"lazy\" decoding=\"async\" width=\"1024\" height=\"1024\" src=\"https:\/\/nasmar.org\/wp-content\/uploads\/2024\/09\/image-2-1024x1024.png\" alt=\"\" class=\"wp-image-8425\" srcset=\"https:\/\/nasmar.org\/wp-content\/uploads\/2024\/09\/image-2-1024x1024.png 1024w, https:\/\/nasmar.org\/wp-content\/uploads\/2024\/09\/image-2-300x300.png 300w, https:\/\/nasmar.org\/wp-content\/uploads\/2024\/09\/image-2-150x150.png 150w, https:\/\/nasmar.org\/wp-content\/uploads\/2024\/09\/image-2-768x768.png 768w\" sizes=\"(max-width: 1024px) 100vw, 1024px\" \/><\/figure>\n\n\n\n<figure class=\"wp-block-image size-large\"><img loading=\"lazy\" decoding=\"async\" width=\"1024\" height=\"1024\" src=\"https:\/\/nasmar.org\/wp-content\/uploads\/2024\/09\/image-1-1024x1024.png\" alt=\"\" class=\"wp-image-8424\" srcset=\"https:\/\/nasmar.org\/wp-content\/uploads\/2024\/09\/image-1-1024x1024.png 1024w, https:\/\/nasmar.org\/wp-content\/uploads\/2024\/09\/image-1-300x300.png 300w, https:\/\/nasmar.org\/wp-content\/uploads\/2024\/09\/image-1-150x150.png 150w, https:\/\/nasmar.org\/wp-content\/uploads\/2024\/09\/image-1-768x768.png 768w\" sizes=\"(max-width: 1024px) 100vw, 1024px\" \/><\/figure>\n\n\n\n<figure class=\"wp-block-image size-large\"><img loading=\"lazy\" decoding=\"async\" width=\"1024\" height=\"1024\" src=\"https:\/\/nasmar.org\/wp-content\/uploads\/2024\/09\/image-1024x1024.png\" alt=\"\" class=\"wp-image-8423\" srcset=\"https:\/\/nasmar.org\/wp-content\/uploads\/2024\/09\/image-1024x1024.png 1024w, https:\/\/nasmar.org\/wp-content\/uploads\/2024\/09\/image-300x300.png 300w, https:\/\/nasmar.org\/wp-content\/uploads\/2024\/09\/image-150x150.png 150w, https:\/\/nasmar.org\/wp-content\/uploads\/2024\/09\/image-768x768.png 768w\" sizes=\"(max-width: 1024px) 100vw, 1024px\" \/><\/figure>\n","protected":false},"excerpt":{"rendered":"<p>La Mancomunidad NASMAR, en colaboraci\u00f3n con la Agencia Espa\u00f1ola de Cooperaci\u00f3n Internacional para el Desarrollo (AECID) y el apoyo de Ingenier\u00eda Sin Fronteras Galicia, ha llevado a cabo un exitoso Taller de Liderazgo en la comunidad de El Sartenejal. Este taller, parte integral del proyecto de construcci\u00f3n del sistema de agua, tuvo como objetivo principal [&hellip;]<\/p>\n","protected":false},"author":1,"featured_media":8424,"comment_status":"open","ping_status":"open","sticky":false,"template":"","format":"standard","meta":{"footnotes":""},"categories":[23],"tags":[],"class_list":["post-8422","post","type-post","status-publish","format-standard","has-post-thumbnail","hentry","category-actividades"],"_links":{"self":[{"href":"https:\/\/nasmar.org\/index.php\/wp-json\/wp\/v2\/posts\/8422"}],"collection":[{"href":"https:\/\/nasmar.org\/index.php\/wp-json\/wp\/v2\/posts"}],"about":[{"href":"https:\/\/nasmar.org\/index.php\/wp-json\/wp\/v2\/types\/post"}],"author":[{"embeddable":true,"href":"https:\/\/nasmar.org\/index.php\/wp-json\/wp\/v2\/users\/1"}],"replies":[{"embeddable":true,"href":"https:\/\/nasmar.org\/index.php\/wp-json\/wp\/v2\/comments?post=8422"}],"version-history":[{"count":1,"href":"https:\/\/nasmar.org\/index.php\/wp-json\/wp\/v2\/posts\/8422\/revisions"}],"predecessor-version":[{"id":8426,"href":"https:\/\/nasmar.org\/index.php\/wp-json\/wp\/v2\/posts\/8422\/revisions\/8426"}],"wp:featuredmedia":[{"embeddable":true,"href":"https:\/\/nasmar.org\/index.php\/wp-json\/wp\/v2\/media\/8424"}],"wp:attachment":[{"href":"https:\/\/nasmar.org\/index.php\/wp-json\/wp\/v2\/media?parent=8422"}],"wp:term":[{"taxonomy":"category","embeddable":true,"href":"https:\/\/nasmar.org\/index.php\/wp-json\/wp\/v2\/categories?post=8422"},{"taxonomy":"post_tag","embeddable":true,"href":"https:\/\/nasmar.org\/index.php\/wp-json\/wp\/v2\/tags?post=8422"}],"curies":[{"name":"wp","href":"https:\/\/api.w.org\/{rel}","templated":true}]}}