{"id":8362,"date":"2024-07-23T15:52:40","date_gmt":"2024-07-23T15:52:40","guid":{"rendered":"http:\/\/nasmar.org\/?p=8362"},"modified":"2024-07-23T15:52:42","modified_gmt":"2024-07-23T15:52:42","slug":"impulsando-la-equidad-y-el-liderazgo-comunitario-resumen-del-taller-sobre-igualdad-de-genero-y-derechos-humanos-en-el-sartenejal","status":"publish","type":"post","link":"https:\/\/nasmar.org\/index.php\/2024\/07\/23\/impulsando-la-equidad-y-el-liderazgo-comunitario-resumen-del-taller-sobre-igualdad-de-genero-y-derechos-humanos-en-el-sartenejal\/","title":{"rendered":"Impulsando la Equidad y el Liderazgo Comunitario: Resumen del Taller sobre Igualdad de Genero y Derechos Humanos en El Sartenejal"},"content":{"rendered":"\n<p>Nos complace compartir los logros y el compromiso de la comunidad de El Sartenejal en el Taller que se imparti\u00f3 sobre Igualdad de G\u00e9nero y Derechos Humanos, una iniciativa enfocada en fortalecer el conocimiento y la comprensi\u00f3n de los <a><\/a>derechos humanos y la igualdad de g\u00e9nero entre sus miembros.<\/p>\n\n\n\n<p>Durante el taller, se destac\u00f3 la participaci\u00f3n activa y el entusiasmo demostrado por la comunidad en cada una de las actividades propuestas. Desde el desarrollo de habilidades de comunicaci\u00f3n efectiva y liderazgo hasta la reflexi\u00f3n sobre roles de g\u00e9nero y estereotipos, los participantes se sumergieron en un espacio de aprendizaje din\u00e1mico y di\u00e1logo enriquecedor.<\/p>\n\n\n\n<p>Uno de los aspectos m\u00e1s resaltantes fue el fomento de la participaci\u00f3n equitativa de mujeres y hombres en todas las actividades, la creaci\u00f3n de espacios seguros para que las mujeres expresaran sus inquietudes, y la promoci\u00f3n del liderazgo femenino en la toma de decisiones comunitarias. Adem\u00e1s, se trabaj\u00f3 en incentivar la participaci\u00f3n de hombres en talleres sobre igualdad de g\u00e9nero, buscando promover un cambio cultural inclusivo en la comunidad.<\/p>\n\n\n\n<p>Destacamos tambi\u00e9n la participaci\u00f3n de las voluntarias del Programa de Conocimiento de la Realidad de Ingenier\u00eda Sin Fronteras Galicia y t\u00e9cnicos de AHJASA, quienes tambi\u00e9n aportaron su expertise y dedicaci\u00f3n al desarrollo de esta actividad en el marco del proyecto de &#8220;Mejora de la Gesti\u00f3n P\u00fablica y Social para la Gobernanza de los Recursos h\u00eddricos en 9 Municipio de la Regi\u00f3n 13 Golfo de Fonseca F1\u201d, financiado por la Agencia Espa\u00f1ola de Cooperaci\u00f3n Internacional para el Desarrollo (AECID) a trav\u00e9s de Ingenier\u00eda Sin Fronteras Galicia.<\/p>\n\n\n\n<figure class=\"wp-block-image size-large\"><img loading=\"lazy\" decoding=\"async\" width=\"1024\" height=\"1024\" src=\"https:\/\/nasmar.org\/wp-content\/uploads\/2024\/07\/image-67-1024x1024.png\" alt=\"\" class=\"wp-image-8368\" srcset=\"https:\/\/nasmar.org\/wp-content\/uploads\/2024\/07\/image-67-1024x1024.png 1024w, https:\/\/nasmar.org\/wp-content\/uploads\/2024\/07\/image-67-300x300.png 300w, https:\/\/nasmar.org\/wp-content\/uploads\/2024\/07\/image-67-150x150.png 150w, https:\/\/nasmar.org\/wp-content\/uploads\/2024\/07\/image-67-768x768.png 768w\" sizes=\"(max-width: 1024px) 100vw, 1024px\" \/><\/figure>\n\n\n\n<figure class=\"wp-block-image size-large\"><img loading=\"lazy\" decoding=\"async\" width=\"1024\" height=\"1024\" src=\"https:\/\/nasmar.org\/wp-content\/uploads\/2024\/07\/image-66-1024x1024.png\" alt=\"\" class=\"wp-image-8367\" srcset=\"https:\/\/nasmar.org\/wp-content\/uploads\/2024\/07\/image-66-1024x1024.png 1024w, https:\/\/nasmar.org\/wp-content\/uploads\/2024\/07\/image-66-300x300.png 300w, https:\/\/nasmar.org\/wp-content\/uploads\/2024\/07\/image-66-150x150.png 150w, https:\/\/nasmar.org\/wp-content\/uploads\/2024\/07\/image-66-768x768.png 768w\" sizes=\"(max-width: 1024px) 100vw, 1024px\" \/><\/figure>\n\n\n\n<figure class=\"wp-block-image size-large\"><img loading=\"lazy\" decoding=\"async\" width=\"1024\" height=\"1024\" src=\"https:\/\/nasmar.org\/wp-content\/uploads\/2024\/07\/image-64-1024x1024.png\" alt=\"\" class=\"wp-image-8365\" srcset=\"https:\/\/nasmar.org\/wp-content\/uploads\/2024\/07\/image-64-1024x1024.png 1024w, https:\/\/nasmar.org\/wp-content\/uploads\/2024\/07\/image-64-300x300.png 300w, https:\/\/nasmar.org\/wp-content\/uploads\/2024\/07\/image-64-150x150.png 150w, https:\/\/nasmar.org\/wp-content\/uploads\/2024\/07\/image-64-768x768.png 768w\" sizes=\"(max-width: 1024px) 100vw, 1024px\" \/><\/figure>\n\n\n\n<figure class=\"wp-block-image size-large\"><img loading=\"lazy\" decoding=\"async\" width=\"1024\" height=\"1024\" src=\"https:\/\/nasmar.org\/wp-content\/uploads\/2024\/07\/image-65-1024x1024.png\" alt=\"\" class=\"wp-image-8366\" srcset=\"https:\/\/nasmar.org\/wp-content\/uploads\/2024\/07\/image-65-1024x1024.png 1024w, https:\/\/nasmar.org\/wp-content\/uploads\/2024\/07\/image-65-300x300.png 300w, https:\/\/nasmar.org\/wp-content\/uploads\/2024\/07\/image-65-150x150.png 150w, https:\/\/nasmar.org\/wp-content\/uploads\/2024\/07\/image-65-768x768.png 768w\" sizes=\"(max-width: 1024px) 100vw, 1024px\" \/><\/figure>\n\n\n\n<figure class=\"wp-block-image size-large\"><img loading=\"lazy\" decoding=\"async\" width=\"1024\" height=\"1024\" src=\"https:\/\/nasmar.org\/wp-content\/uploads\/2024\/07\/image-63-1024x1024.png\" alt=\"\" class=\"wp-image-8364\" srcset=\"https:\/\/nasmar.org\/wp-content\/uploads\/2024\/07\/image-63-1024x1024.png 1024w, https:\/\/nasmar.org\/wp-content\/uploads\/2024\/07\/image-63-300x300.png 300w, https:\/\/nasmar.org\/wp-content\/uploads\/2024\/07\/image-63-150x150.png 150w, https:\/\/nasmar.org\/wp-content\/uploads\/2024\/07\/image-63-768x768.png 768w\" sizes=\"(max-width: 1024px) 100vw, 1024px\" \/><\/figure>\n\n\n\n<figure class=\"wp-block-image size-large\"><img loading=\"lazy\" decoding=\"async\" width=\"1024\" height=\"822\" src=\"https:\/\/nasmar.org\/wp-content\/uploads\/2024\/07\/image-62-1024x822.png\" alt=\"\" class=\"wp-image-8363\"\/><\/figure>\n","protected":false},"excerpt":{"rendered":"<p>Nos complace compartir los logros y el compromiso de la comunidad de El Sartenejal en el Taller que se imparti\u00f3 sobre Igualdad de G\u00e9nero y Derechos Humanos, una iniciativa enfocada en fortalecer el conocimiento y la comprensi\u00f3n de los derechos humanos y la igualdad de g\u00e9nero entre sus miembros. Durante el taller, se destac\u00f3 la [&hellip;]<\/p>\n","protected":false},"author":1,"featured_media":8363,"comment_status":"open","ping_status":"open","sticky":false,"template":"","format":"standard","meta":{"footnotes":""},"categories":[1],"tags":[],"class_list":["post-8362","post","type-post","status-publish","format-standard","has-post-thumbnail","hentry","category-uncategorized"],"_links":{"self":[{"href":"https:\/\/nasmar.org\/index.php\/wp-json\/wp\/v2\/posts\/8362"}],"collection":[{"href":"https:\/\/nasmar.org\/index.php\/wp-json\/wp\/v2\/posts"}],"about":[{"href":"https:\/\/nasmar.org\/index.php\/wp-json\/wp\/v2\/types\/post"}],"author":[{"embeddable":true,"href":"https:\/\/nasmar.org\/index.php\/wp-json\/wp\/v2\/users\/1"}],"replies":[{"embeddable":true,"href":"https:\/\/nasmar.org\/index.php\/wp-json\/wp\/v2\/comments?post=8362"}],"version-history":[{"count":1,"href":"https:\/\/nasmar.org\/index.php\/wp-json\/wp\/v2\/posts\/8362\/revisions"}],"predecessor-version":[{"id":8369,"href":"https:\/\/nasmar.org\/index.php\/wp-json\/wp\/v2\/posts\/8362\/revisions\/8369"}],"wp:featuredmedia":[{"embeddable":true,"href":"https:\/\/nasmar.org\/index.php\/wp-json\/wp\/v2\/media\/8363"}],"wp:attachment":[{"href":"https:\/\/nasmar.org\/index.php\/wp-json\/wp\/v2\/media?parent=8362"}],"wp:term":[{"taxonomy":"category","embeddable":true,"href":"https:\/\/nasmar.org\/index.php\/wp-json\/wp\/v2\/categories?post=8362"},{"taxonomy":"post_tag","embeddable":true,"href":"https:\/\/nasmar.org\/index.php\/wp-json\/wp\/v2\/tags?post=8362"}],"curies":[{"name":"wp","href":"https:\/\/api.w.org\/{rel}","templated":true}]}}