{"id":7546,"date":"2022-06-11T22:57:26","date_gmt":"2022-06-11T22:57:26","guid":{"rendered":"http:\/\/nasmar.org\/?p=7546"},"modified":"2022-06-11T22:57:29","modified_gmt":"2022-06-11T22:57:29","slug":"la-mancomunidad-de-municipios-del-sur-nasmar-la-alcaldia-de-el-corpus-y-el-programa-de-gobernanza-hidrica-territorial-region-13-golfo-de-fonseca-pghtr13gf-desarrollan-actividades-alusivas-al-dia","status":"publish","type":"post","link":"https:\/\/nasmar.org\/index.php\/2022\/06\/11\/la-mancomunidad-de-municipios-del-sur-nasmar-la-alcaldia-de-el-corpus-y-el-programa-de-gobernanza-hidrica-territorial-region-13-golfo-de-fonseca-pghtr13gf-desarrollan-actividades-alusivas-al-dia\/","title":{"rendered":"La Mancomunidad de Municipios del Sur (NASMAR), La Alcald\u00eda de El Corpus y El Programa de Gobernanza H\u00eddrica Territorial Regi\u00f3n 13 Golfo de Fonseca (PGHTR13GF), desarrollan actividades alusivas al D\u00eda del \u00c1rbol"},"content":{"rendered":"<p style=\"text-align: justify;\">La Mancomunidad de Municipios del Sur (NASMAR), La Alcald\u00eda de El Corpus y El Programa de Gobernanza H\u00eddrica Territorial Regi\u00f3n 13 Golfo de Fonseca (PGHTR13GF), desarrollan actividades alusivas al D\u00eda del \u00c1rbol.<\/p>\n<p style=\"text-align: justify;\">Se llev\u00f3 a cabo la siembra de \u00e1rboles con estudiantes del Instituto Fermin Mayorga del Municipio de El Corpus y se realiz\u00f3 la suscripci\u00f3n del Acuerdo de Contribuci\u00f3n para el proyecto \u201cImplementaci\u00f3n de Estrategia de Conservaci\u00f3n Ambiental por medio de la Campa\u00f1a de Reforestaci\u00f3n y Protecci\u00f3n de Ladera de la Microcuenca Calaire con el acompa\u00f1amiento de la sociedad civil del Municipio de El Corpus\u201d entre la Alcald\u00eda de El Corpus a trav\u00e9s de su Alcalde Municipal ,Luis Rueda, y el PGHTR13GF de la Agencia Suiza para el Desarrollo y la Cooperaci\u00f3n (COSUDE) e implementado por el consorcio integrado por GFA Consulting Group, International Development Enterprises (iDE) y Ecopsis S.A.<\/p>\n<p style=\"text-align: justify;\">Este proyecto fue formulado y presentado por NASMAR y la Alcald\u00eda de El Corpus en el marco de los Fondos Concursables del PGHTR13GF. El proyecto ser\u00e1 ejecutado por la Alcald\u00eda con el acompa\u00f1amiento t\u00e9cnico y administrativo de NASMAR. Adem\u00e1s, obtendr\u00e1 el apoyo del Instituto de Conservaci\u00f3n Forestal (ICF) en la facilitaci\u00f3n de la certificaci\u00f3n de guardabosques para la protecci\u00f3n de la Microcuenca Calaire y la Compa\u00f1\u00eda Minera \u201cCerros de Sur\u201d para la producci\u00f3n de las especies que se utilizaran en la campa\u00f1a de reforestaci\u00f3n y el involucramiento de los y las beneficiarios(as) por medio de las estructuras organizativas de la Iglesia cat\u00f3lica. <\/p>\n\n\n<figure class=\"wp-block-gallery has-nested-images columns-1 is-cropped wp-block-gallery-1 is-layout-flex wp-block-gallery-is-layout-flex\">\n<figure class=\"wp-block-image size-full\"><a href=\"https:\/\/nasmar.org\/wp-content\/uploads\/2022\/06\/noticia512.png\"><img loading=\"lazy\" decoding=\"async\" width=\"589\" height=\"332\" data-id=\"7550\" src=\"https:\/\/nasmar.org\/wp-content\/uploads\/2022\/06\/noticia512.png\" alt=\"\" class=\"wp-image-7550\" srcset=\"https:\/\/nasmar.org\/wp-content\/uploads\/2022\/06\/noticia512.png 589w, https:\/\/nasmar.org\/wp-content\/uploads\/2022\/06\/noticia512-294x166.png 294w, https:\/\/nasmar.org\/wp-content\/uploads\/2022\/06\/noticia512-393x222.png 393w, https:\/\/nasmar.org\/wp-content\/uploads\/2022\/06\/noticia512-290x163.png 290w\" sizes=\"(max-width: 589px) 100vw, 589px\" \/><\/a><\/figure>\n\n\n\n<figure class=\"wp-block-image size-full\"><a href=\"https:\/\/nasmar.org\/wp-content\/uploads\/2022\/06\/noticia513.png\"><img loading=\"lazy\" decoding=\"async\" width=\"361\" height=\"641\" data-id=\"7551\" src=\"https:\/\/nasmar.org\/wp-content\/uploads\/2022\/06\/noticia513.png\" alt=\"\" class=\"wp-image-7551\" srcset=\"https:\/\/nasmar.org\/wp-content\/uploads\/2022\/06\/noticia513.png 361w, https:\/\/nasmar.org\/wp-content\/uploads\/2022\/06\/noticia513-180x320.png 180w, https:\/\/nasmar.org\/wp-content\/uploads\/2022\/06\/noticia513-290x515.png 290w\" sizes=\"(max-width: 361px) 100vw, 361px\" \/><\/a><\/figure>\n\n\n\n<figure class=\"wp-block-image size-full\"><a href=\"https:\/\/nasmar.org\/wp-content\/uploads\/2022\/06\/noticia514.png\"><img loading=\"lazy\" decoding=\"async\" width=\"588\" height=\"331\" data-id=\"7548\" src=\"https:\/\/nasmar.org\/wp-content\/uploads\/2022\/06\/noticia514.png\" alt=\"\" class=\"wp-image-7548\" srcset=\"https:\/\/nasmar.org\/wp-content\/uploads\/2022\/06\/noticia514.png 588w, https:\/\/nasmar.org\/wp-content\/uploads\/2022\/06\/noticia514-294x165.png 294w, https:\/\/nasmar.org\/wp-content\/uploads\/2022\/06\/noticia514-393x221.png 393w, https:\/\/nasmar.org\/wp-content\/uploads\/2022\/06\/noticia514-290x163.png 290w\" sizes=\"(max-width: 588px) 100vw, 588px\" \/><\/a><\/figure>\n\n\n\n<figure class=\"wp-block-image size-full\"><a href=\"https:\/\/nasmar.org\/wp-content\/uploads\/2022\/06\/noticia515.png\"><img loading=\"lazy\" decoding=\"async\" width=\"588\" height=\"331\" data-id=\"7549\" src=\"https:\/\/nasmar.org\/wp-content\/uploads\/2022\/06\/noticia515.png\" alt=\"\" class=\"wp-image-7549\" srcset=\"https:\/\/nasmar.org\/wp-content\/uploads\/2022\/06\/noticia515.png 588w, https:\/\/nasmar.org\/wp-content\/uploads\/2022\/06\/noticia515-294x165.png 294w, https:\/\/nasmar.org\/wp-content\/uploads\/2022\/06\/noticia515-393x221.png 393w, https:\/\/nasmar.org\/wp-content\/uploads\/2022\/06\/noticia515-290x163.png 290w\" sizes=\"(max-width: 588px) 100vw, 588px\" \/><\/a><\/figure>\n<\/figure>\n","protected":false},"excerpt":{"rendered":"<p>La Mancomunidad de Municipios del Sur (NASMAR), La Alcald\u00eda de El Corpus y El Programa de Gobernanza H\u00eddrica Territorial Regi\u00f3n 13 Golfo de Fonseca (PGHTR13GF), desarrollan actividades alusivas al D\u00eda del \u00c1rbol. Se llev\u00f3 a cabo la siembra de \u00e1rboles con estudiantes del Instituto Fermin Mayorga del Municipio de El Corpus y se realiz\u00f3 la [&hellip;]<\/p>\n","protected":false},"author":1,"featured_media":7547,"comment_status":"open","ping_status":"open","sticky":false,"template":"","format":"standard","meta":{"footnotes":""},"categories":[23],"tags":[],"class_list":["post-7546","post","type-post","status-publish","format-standard","has-post-thumbnail","hentry","category-actividades"],"_links":{"self":[{"href":"https:\/\/nasmar.org\/index.php\/wp-json\/wp\/v2\/posts\/7546"}],"collection":[{"href":"https:\/\/nasmar.org\/index.php\/wp-json\/wp\/v2\/posts"}],"about":[{"href":"https:\/\/nasmar.org\/index.php\/wp-json\/wp\/v2\/types\/post"}],"author":[{"embeddable":true,"href":"https:\/\/nasmar.org\/index.php\/wp-json\/wp\/v2\/users\/1"}],"replies":[{"embeddable":true,"href":"https:\/\/nasmar.org\/index.php\/wp-json\/wp\/v2\/comments?post=7546"}],"version-history":[{"count":1,"href":"https:\/\/nasmar.org\/index.php\/wp-json\/wp\/v2\/posts\/7546\/revisions"}],"predecessor-version":[{"id":7552,"href":"https:\/\/nasmar.org\/index.php\/wp-json\/wp\/v2\/posts\/7546\/revisions\/7552"}],"wp:featuredmedia":[{"embeddable":true,"href":"https:\/\/nasmar.org\/index.php\/wp-json\/wp\/v2\/media\/7547"}],"wp:attachment":[{"href":"https:\/\/nasmar.org\/index.php\/wp-json\/wp\/v2\/media?parent=7546"}],"wp:term":[{"taxonomy":"category","embeddable":true,"href":"https:\/\/nasmar.org\/index.php\/wp-json\/wp\/v2\/categories?post=7546"},{"taxonomy":"post_tag","embeddable":true,"href":"https:\/\/nasmar.org\/index.php\/wp-json\/wp\/v2\/tags?post=7546"}],"curies":[{"name":"wp","href":"https:\/\/api.w.org\/{rel}","templated":true}]}}